{"id":2522,"date":"2013-02-28T00:21:28","date_gmt":"2013-02-28T00:21:28","guid":{"rendered":"http:\/\/periodicoelamanecer.wordpress.com\/?p=2522"},"modified":"2013-02-28T00:21:28","modified_gmt":"2013-02-28T00:21:28","slug":"pelicula-la-haine-1995","status":"publish","type":"post","link":"https:\/\/elamanecer.noblogs.org\/?p=2522","title":{"rendered":"Pel\u00edcula: La Haine (1995)"},"content":{"rendered":"<p style=\"text-align:justify\"><img loading=\"lazy\" decoding=\"async\" class=\"alignleft size-medium wp-image-2523\" alt=\"381_box_348x490\" src=\"http:\/\/periodicoelamanecer.files.wordpress.com\/2013\/03\/381_box_348x490.jpg?w=213\" width=\"213\" height=\"300\" \/>Esta pel\u00edcula que se desarrolla en los suburbios marginados de Paris muestra la realidad a la que se enfrentan los j\u00f3venes en el diario vivir, tomando como actores principales a tres franceses por nacionalidad pero a tres razas distintas por tradici\u00f3n, uno es un jud\u00edo, otro un \u00e1rabe y el otro un africano, que a pesar de llevar la vida en las mismas condiciones se encuentran con diferentes maneras de interpretarla, lo que marca la pel\u00edcula a trav\u00e9s de sus escenas en blanco y negro y di\u00e1logos en ocasiones ruidosos es la situaci\u00f3n a la que se enfrenta la clase marginada de la sociedad, donde sufren de los abusos de la autoridad, de discriminaci\u00f3n, de las blasfemias del los medios de comunicaci\u00f3n y de las condiciones en que viven los j\u00f3venes de esa comunidad.<\/p>\n<p><!--more--><\/p>\n<p style=\"text-align:justify\">El primer punto importante a resaltar es el odio con que los j\u00f3venes enfrentan a la polic\u00eda, un odio alimentado cada vez mas por la brutalidad que emplean contra ellos, un odio que nace de las condiciones materiales en las que se tienen que desarrollar, y que surge como el impulso de la impotencia en la que se encuentran al tener que enfrentarse a esta situaci\u00f3n, y que se reafirma en la convivencia diaria con los mismos miembros de la comunidad que sienten el mismo odio y desprecio tanto a la autoridad como al sistema, y que lo van a trasladar en sus relaciones con el mundo fuera de esa comunidad y se les reconocer\u00e1 por el odio en sus acciones en la sociedad, siendo as\u00ed una clase desprotegida por la autoridad y por ellos mismos al vivir en medio del odio individual que sienten en la comunidad.[youtube http:\/\/www.youtube.com\/watch?v=k6tdBm2Gn-M]<\/p>\n","protected":false},"excerpt":{"rendered":"<p>Esta pel\u00edcula que se desarrolla en los suburbios marginados de Paris muestra la realidad a la que se enfrentan los j\u00f3venes en el diario vivir, tomando como actores principales a tres franceses por nacionalidad pero a tres razas distintas por tradici\u00f3n, uno es un jud\u00edo, otro un \u00e1rabe y el otro un africano, que a &hellip; <a href=\"https:\/\/elamanecer.noblogs.org\/?p=2522\" class=\"more-link\">Continuar leyendo<span class=\"screen-reader-text\"> \u00abPel\u00edcula: La Haine (1995)\u00bb<\/span><\/a><\/p>\n","protected":false},"author":15356,"featured_media":0,"comment_status":"open","ping_status":"open","sticky":false,"template":"","format":"standard","meta":{"footnotes":""},"categories":[13],"tags":[91,235],"class_list":["post-2522","post","type-post","status-publish","format-standard","hentry","category-peliculas","tag-cine-frances","tag-la-haine"],"_links":{"self":[{"href":"https:\/\/elamanecer.noblogs.org\/index.php?rest_route=\/wp\/v2\/posts\/2522","targetHints":{"allow":["GET"]}}],"collection":[{"href":"https:\/\/elamanecer.noblogs.org\/index.php?rest_route=\/wp\/v2\/posts"}],"about":[{"href":"https:\/\/elamanecer.noblogs.org\/index.php?rest_route=\/wp\/v2\/types\/post"}],"author":[{"embeddable":true,"href":"https:\/\/elamanecer.noblogs.org\/index.php?rest_route=\/wp\/v2\/users\/15356"}],"replies":[{"embeddable":true,"href":"https:\/\/elamanecer.noblogs.org\/index.php?rest_route=%2Fwp%2Fv2%2Fcomments&post=2522"}],"version-history":[{"count":0,"href":"https:\/\/elamanecer.noblogs.org\/index.php?rest_route=\/wp\/v2\/posts\/2522\/revisions"}],"wp:attachment":[{"href":"https:\/\/elamanecer.noblogs.org\/index.php?rest_route=%2Fwp%2Fv2%2Fmedia&parent=2522"}],"wp:term":[{"taxonomy":"category","embeddable":true,"href":"https:\/\/elamanecer.noblogs.org\/index.php?rest_route=%2Fwp%2Fv2%2Fcategories&post=2522"},{"taxonomy":"post_tag","embeddable":true,"href":"https:\/\/elamanecer.noblogs.org\/index.php?rest_route=%2Fwp%2Fv2%2Ftags&post=2522"}],"curies":[{"name":"wp","href":"https:\/\/api.w.org\/{rel}","templated":true}]}}