{"id":2749,"date":"2013-10-09T23:58:36","date_gmt":"2013-10-09T23:58:36","guid":{"rendered":"http:\/\/periodicoelamanecer.wordpress.com\/?p=2749"},"modified":"2013-10-09T23:58:36","modified_gmt":"2013-10-09T23:58:36","slug":"1-encuentro-de-agro-ecologia-liberadora-entre-la-teoria-y-la-practica-en-chillan","status":"publish","type":"post","link":"https:\/\/elamanecer.noblogs.org\/?p=2749","title":{"rendered":"1\u00b0 Encuentro de Agro-Ecolog\u00eda Liberadora: Entre la teor\u00eda y la pr\u00e1ctica en Chill\u00e1n"},"content":{"rendered":"<p style=\"text-align:justify\"><a href=\"http:\/\/periodicoelamanecer.files.wordpress.com\/2013\/10\/afiche-agro.jpg\"><img loading=\"lazy\" decoding=\"async\" class=\"aligncenter size-full wp-image-2750\" alt=\"afiche agro\" src=\"http:\/\/periodicoelamanecer.files.wordpress.com\/2013\/10\/afiche-agro.jpg\" width=\"514\" height=\"720\" \/><\/a>Dada la actual problem\u00e1tica social-ambiental que presenta esta regi\u00f3n del mundo consideramos necesario en conjuntos otras colectividades e individualidades crear actividades y espacios para la difusi\u00f3n, an\u00e1lisis, discusi\u00f3n, teorizaci\u00f3n y practica agro-ecol\u00f3gica como m\u00e9todo de contra-informaci\u00f3n y de praxis.<!--more--> Es por esto que los animamos e invitamos a participar de esta actividad a realizar el d\u00eda <strong>26 de Octubre en la sede de la Ultra de las 09:00 de la ma\u00f1ana hasta las 13:00 y de 14:00 a 19:00 en la parcela N\u00b03 del Parque Lanta\u00f1o.<\/strong><\/p>\n<p style=\"text-align:justify\"><em>*Durante la primera parte nos dedicaremos al an\u00e1lisis, discusi\u00f3n y exposici\u00f3n de diversas problem\u00e1ticas agro-ecol\u00f3gicas contingentes y otras no tanto.<\/em><br \/> -Exposici\u00f3n sobre transg\u00e9nicos.<br \/> -Exposici\u00f3n sobre silvicultura?.<br \/> -Debate y conversatorio.<br \/> -Taller de Horno de Barro.<\/p>\n<p style=\"text-align:justify\"><em>*Por la tarde conoceremos experiencias, tendremos talleres y practica de algunas t\u00e9cnicas agro-ecol\u00f3gicas.<\/em><br \/> -Taller de Yoga<br \/> -Taller de compostera.<br \/> -Taller de Cama Alta.<br \/> -Taller de Bocachi.<br \/> -Trueke y intercambio de semillas.<br \/> -ETC.<\/p>\n<p style=\"text-align:justify\">-Obviamente si quieren preparar un tema y presentarlo lo pueden hacer. traer sus productos y truekearlos, cambiarlos o venderlo.<\/p>\n<p style=\"text-align:right\"><strong><em>Invita y organiza Colectivo Acci\u00f3n Hist\u00f3rica (C.A.H)<\/em><\/strong><br \/><em> Contacto: kolectivo.accionhistorica@gmail.com<\/em><\/p>\n<p style=\"text-align:center\"><strong>ACTIVIDAD LIBRE DE ALCOHOL Y HUMO.<\/strong><a href=\"http:\/\/periodicoelamanecer.files.wordpress.com\/2013\/10\/mapa.png\"><img loading=\"lazy\" decoding=\"async\" class=\"aligncenter size-full wp-image-2751\" alt=\"mapa\" src=\"http:\/\/periodicoelamanecer.files.wordpress.com\/2013\/10\/mapa.png\" width=\"640\" height=\"394\" \/><\/a><\/p>\n","protected":false},"excerpt":{"rendered":"<p>Dada la actual problem\u00e1tica social-ambiental que presenta esta regi\u00f3n del mundo consideramos necesario en conjuntos otras colectividades e individualidades crear actividades y espacios para la difusi\u00f3n, an\u00e1lisis, discusi\u00f3n, teorizaci\u00f3n y practica agro-ecol\u00f3gica como m\u00e9todo de contra-informaci\u00f3n y de praxis.<\/p>\n","protected":false},"author":15356,"featured_media":0,"comment_status":"open","ping_status":"open","sticky":false,"template":"","format":"standard","meta":{"footnotes":""},"categories":[2],"tags":[129,143],"class_list":["post-2749","post","type-post","status-publish","format-standard","hentry","category-actividades","tag-ecologia","tag-encuentro"],"_links":{"self":[{"href":"https:\/\/elamanecer.noblogs.org\/index.php?rest_route=\/wp\/v2\/posts\/2749","targetHints":{"allow":["GET"]}}],"collection":[{"href":"https:\/\/elamanecer.noblogs.org\/index.php?rest_route=\/wp\/v2\/posts"}],"about":[{"href":"https:\/\/elamanecer.noblogs.org\/index.php?rest_route=\/wp\/v2\/types\/post"}],"author":[{"embeddable":true,"href":"https:\/\/elamanecer.noblogs.org\/index.php?rest_route=\/wp\/v2\/users\/15356"}],"replies":[{"embeddable":true,"href":"https:\/\/elamanecer.noblogs.org\/index.php?rest_route=%2Fwp%2Fv2%2Fcomments&post=2749"}],"version-history":[{"count":0,"href":"https:\/\/elamanecer.noblogs.org\/index.php?rest_route=\/wp\/v2\/posts\/2749\/revisions"}],"wp:attachment":[{"href":"https:\/\/elamanecer.noblogs.org\/index.php?rest_route=%2Fwp%2Fv2%2Fmedia&parent=2749"}],"wp:term":[{"taxonomy":"category","embeddable":true,"href":"https:\/\/elamanecer.noblogs.org\/index.php?rest_route=%2Fwp%2Fv2%2Fcategories&post=2749"},{"taxonomy":"post_tag","embeddable":true,"href":"https:\/\/elamanecer.noblogs.org\/index.php?rest_route=%2Fwp%2Fv2%2Ftags&post=2749"}],"curies":[{"name":"wp","href":"https:\/\/api.w.org\/{rel}","templated":true}]}}