{"id":2817,"date":"2013-12-18T06:34:50","date_gmt":"2013-12-18T06:34:50","guid":{"rendered":"http:\/\/periodicoelamanecer.wordpress.com\/?p=2817"},"modified":"2013-12-18T06:34:50","modified_gmt":"2013-12-18T06:34:50","slug":"comunicado-de-hans-niemeyer-la-sangre-de-los-nuestros","status":"publish","type":"post","link":"https:\/\/elamanecer.noblogs.org\/?p=2817","title":{"rendered":"Comunicado de Hans Niemeyer. La sangre de los nuestros"},"content":{"rendered":"<p style=\"text-align:justify\">La sangre de nuestros hermanos ha vuelto a ser derramada. La noche cae sobre la ciudad de Santiago y la luz de mi celda est\u00e1 apagada, siendo iluminada solo por la pantalla del aparato de televisi\u00f3n. Me asomo por la ventana que da hacia el pavimento de la ciudad y sacando la cabeza trato de mirar por entre los barrotes hacia Pudahuel. La f\u00e1brica de opini\u00f3n p\u00fablica ha difundido en el noticiero de la noche, el rostro de nuestros compa\u00f1eros detenidos tras un supuesto asalto frustrado a una sucursal bancaria. Las im\u00e1genes han mostrado el cuerpo inerte de nuestro hermano y a un miserable general de carabineros felicitando al vigilante que mato a Sebasti\u00e0n Oversluij.<\/p>\n<p><!--more--><\/p>\n<p style=\"text-align:justify\">Mientras el enemigo baila y celebra la muerte de Sebasti\u00e0n (recordemos que TVN titul\u00f3 la noticia como \u201cvigilante h\u00e9roe\u201d)* yo derramo l\u00e1grimas por su vida, por sus acciones y por su muerte. No te conoc\u00ed, pero el dolo aprieta mi coraz\u00f3n. Imagino la devastaci\u00f3n de tu familia, de tus amigos, de quieres te quer\u00edan. Tengo la obsesi\u00f3n un tanto masoquista en estos casos de compa\u00f1eros muertos \u2013demasiados lamentablemente- de imaginar que pensar\u00e1n sus padres y sus seres queridos. \u00bfRecordar\u00e1n sus primeros pasos, sus gracias de ni\u00f1o, sus juegos, cuando lo llevaban a la escuela, la vez que le cont\u00f3 que una ni\u00f1a le gustaba? No conozco tu vida Sebasti\u00e0n, pero lamento como el que m\u00e1s tu muerte; lloro la p\u00e9rdida de tu vida hermosa y generosa en manos de un mercenario al servicio del capital, de inteligencia lim\u00edtrofe que vivi\u00f3 su ni\u00f1ez en los barrios alrededor de Vivaceta, entre criadores de caballos y el Hip\u00f3dromo Chile, hasta que su tendencia a la psicopat\u00eda y nulas capacidades intelectuales lo hicieron entrar a la Escuela de suboficiales del Ej\u00e9rcito, participar en una misi\u00f3n en Hait\u00ed, hacer el curso de Protecci\u00f3n de Personas Importantes (PPI) en Estados Unidos y ser mercenario en Irak.<\/p>\n<p style=\"text-align:justify\">Pero para el sistema la muerte de Sebasti\u00e0n Oversluij significa la hora de la juerga, de la risa siniestra y espasm\u00f3dica, de la org\u00eda incestuosa entre periodistas, y polic\u00edas, la fiesta de las alima\u00f1as que retorci\u00e9ndose escupen por sus micr\u00f3fonos su discurso de muerte y podredumbre, pele\u00e1ndose por orinar sobre el cad\u00e1ver de Sebasti\u00e0n. \u00bfTanto miedo tienen que celebran su muerte?<\/p>\n<p style=\"text-align:justify\">\u00bfQu\u00e9 tan seguros est\u00e1n del sistema y del orden social capitalista que cada cierto tiempo necesitan celebrar la muerte de un rebelde? \u00bfQu\u00e9 tan seguros se sienten en sus puestos de jueces, fiscales, periodistas y polic\u00edas \u2013la verdadera escoria de la sociedad- que necesitan de las armas para mantenerse en el poder? \u00bfTan satisfechos de sus privilegios est\u00e1n los plut\u00f3cratas y los pol\u00edticos de circo que necesitan cada vez m\u00e1s c\u00e1rceles, condenas m\u00e1s largas y m\u00e1s control para mantener el orden social capitalista?<\/p>\n<p style=\"text-align:justify\">Pero yo me atrevo a vaticinar, cual anacoreta ciego que clama en el desierto, que el peligro est\u00e1 a la vuelta de la esquina. Tal vez no han abierto las puertas del infierno, es cierto, pero las cosas no van a aquedar as\u00ed. Y no es solo la bravuconada impotente de un preso sepultado bajo toneladas de cemento y rejas. Hay una rebeli\u00f3n que no ha hecho otra cosa que comenzar. Quien no lo ve es porque no quiere, las se\u00f1ales est\u00e1n en las calles, en las paredes, en los ba\u00f1os de los liceos. Se respira en el aire, y no necesitas ser un meteor\u00f3logo para saber en que direcci\u00f3n sopla el viento- como dice Bob Dylan.<\/p>\n<p style=\"text-align:justify\">Acabo de enterarme por la TV que el fil\u00f3sofo italiano Alfredo Mar\u00eda Bonanno ha sido impedido de ingresar a Chile a dictar unas conferencias, donde tambi\u00e9n se propon\u00eda visitar a algunos presos en esta misma c\u00e1rcel. Pero el sistema teme a las ideas que se hacen carne, que se materializan en acciones concretas, por eso las proh\u00edbe, las censura, las proscribe y las personifica como su nuevo enemigo interno a vencer, a saber, el anarquismo insurreccional. Sin embargo, a la expulsi\u00f3n de Bonanno deben ser sumados otros elementos que demuestran como las distintas facciones del poder se alinean contra el nuevo enemigo interno, lo que se ve claramente en la acci\u00f3n de la justicia penal y en la generaci\u00f3n del nuevo instrumental jur\u00eddico para combatir la protesta callejera: la ley anti encapuchados y la ley de control preventivo de identidad.<\/p>\n<p style=\"text-align:justify\">A riesgo de ser autorreferente perm\u00edtanme citar unos p\u00e1rrafos de la sentencia de la Corte de Apelaciones en que se ratifica la condena en mi contra por porte de artefacto explosivo y da\u00f1os a una sucursal bancaria del BCI el 30 de Noviembre de 2011, de 5 a\u00f1os de prisi\u00f3n m\u00e1s 300 d\u00edas sin derecho a libertad vigilada. En dicha sentencia de la Quinta Sala de la Corte de Apelaciones, integrada por los ministros Jorge Dahm Oyarz\u00fan, Mar\u00eda Rosa Kittsteiner Gentile y el abogado integrante \u00c1ngel Cruchaga Gandarillas (levemente arist\u00f3crata), se\u00f1alan argumentos que resultan ser una verdadera joya del derecho penal burgu\u00e9s y de la restituci\u00f3n en la pr\u00e1ctica del delito ideol\u00f3gico en Chile. Dicen sus ilustr\u00edsimas y putrefactas se\u00f1or\u00edas:<\/p>\n<p style=\"text-align:justify\">\u201cY si bien es posible considerar que los m\u00f3viles que llevan al imputado a obrar de esta manera, obedece a sus convicciones \u00edntimas, que por muy equivocadas que est\u00e9n obra en consecuencia de ellas, su conducta posterior demuestra que no hace ning\u00fan intento por revisarlas o a lo menos para insertar su conducta en el medio social donde pertenece. Lo anterior queda demostrado con su actitud de no comparecer ante la autoridad luego de que le fuera revocada la libertad provisional, conducta que no solo lleg\u00f3 a este punto sino, que adem\u00e1s emiti\u00f3 mensajes a la sociedad desafiando abiertamente al sistema judicial desde que da entrevistas a medios de comunicaci\u00f3n, explicando el motivo de sus rebeld\u00eda y persistencia en su conducta antijur\u00eddica\u201d.<\/p>\n<p style=\"text-align:justify\">Y m\u00e1s adelante, el redactor, el Sr. Dahm se\u00f1ala: \u201c\u2026.es necesario contar con una m\u00ednima colaboraci\u00f3n y voluntad del sentenciado en orden a que comprenda la necesidad de acatar normas b\u00e1sicas de convivencia en el grupo social, y si sus ideas chocan con las de la sociedad en general, manifieste sus disconformidad mediante actos que no vulneren a lo menos f\u00edsicamente a los dem\u00e1s\u201d.<\/p>\n<p style=\"text-align:justify\">El ministro Dahm llega a ser risible en su desfachatez al hablar de los actos que no vulneren al menos f\u00edsicamente a los dem\u00e1s. \u00bfY d\u00f3nde queda la sangre de los nuestros? \u00bfD\u00f3nde quedan los millones de explotados de esta sociedad capitalista brutal, donde ni siquiera hay derecho a una vida digna? \u00bfD\u00f2nde quedan los estudiantes golpeados por la polic\u00eda, los torturados en las c\u00e1rceles, el pueblo en Ays\u00e9n y Freirina baleado a quemarropa? \u00bfY d\u00f3nde qued\u00f3 la justicia Sr. Dahm, para Mat\u00edas Catrileo, Jaime Mendoza Coll\u00eco, Alex Lem\u00f9n todos ellos asesinados en democracia? \u00bfCu\u00e1ntos polic\u00edas han estado siquiera un d\u00eda en la c\u00e1rcel por estos asesinatos? No me vengan a hablar de justicia ni a dar lecciones de moral los administradores momificados de esta pantomima y esta mascarada. Sus palabras no son m\u00e1s que una c\u00e1scara vac\u00eda.<\/p>\n<p style=\"text-align:justify\">Quisiera finalizar estas palabras diciendo que me adhiero al ayuno solidario que desarrollaremos en la C\u00e1rcel de Alta Seguridad (CAS) el colectivo de prisioneros subversivos en apoyo a M\u00f3nica Caballero y Francisco Solar Dom\u00ednguez, encarcelados por el estado espa\u00f1ol. Personalmente, cuando fui detenido recib\u00ed un gesto de solidaridad de parte de Francisco y hoy no tengo m\u00e1s que esta huelga de hambre como gesto solidario para que atraviese el mar y llegue hasta las siniestras y fr\u00edas celdas del r\u00e9gimen FIES para decirles que no est\u00e1n solos. A mi ayuno donde solo consumir\u00e9 l\u00edquidos quiero agregar mi solidaridad a los amigos y familiares de Sebasti\u00e1n Oversluij por su vil asesinato por parte de un mercenario y celebrado de manera canallesca por la prensa y la polic\u00eda.<\/p>\n<p style=\"text-align:justify\">Hago un llamado a realizar gestos concretos de solidaridad con M\u00f3nica y Francisco, a repudiar con fuerza el asesinato de Sebasti\u00e0n Oversluij y a prologar la agitaci\u00f3n rebelde hasta la conmemoraci\u00f3n de los 6 a\u00f1os del asesinato de Mat\u00edas Catrileo en el Wallmapu.<\/p>\n<p style=\"text-align:center\"><em>\u00a1Sebastian Oversluij presente, tu muerte no Serra en vano!<\/em><br \/>\n<em> \u00a1Solidaridad con Francisco y M\u00f3nica, prisioneros en Espa\u00f1a!<\/em><br \/>\n<em> \u00a1Sebasti\u00e0n y Mat\u00edas, que vuestra sangre derramada sea semilla de rebeli\u00f3n!<\/em><\/p>\n<p style=\"text-align:right\"><strong><em>Hans Felipe Niemeyer Salinas<\/em><\/strong><br \/>\n<em> 3 \u00ba piso Modulo H Norte<\/em><br \/>\n<em> C\u00e1rcel de Alta Seguridad (CAS).<\/em><br \/>\n<em> 12 de Diciembre 2013<\/em><br \/>\n<em> Santiago de Chile, Sudam\u00e9rika.<\/em><\/p>\n<p style=\"text-align:justify\">*No es la primera vez que TVN se autoproclama como enemigo abierto. Ya en el \u201cInforme Especial\u201d que sigui\u00f3 a la Operaci\u00f3n Salamandra de la Fiscal\u00eda Metropolitana Sur, TVN oper\u00f3 como vocero de la fiscal\u00eda.<\/p>\n<p style=\"text-align:right\"><em>Extra\u00eddo desde: <a href=\"http:\/\/contrainformateblog.wordpress.com\/?p=6546\">Contrainformate<\/a><\/em><\/p>\n","protected":false},"excerpt":{"rendered":"<p>La sangre de nuestros hermanos ha vuelto a ser derramada. La noche cae sobre la ciudad de Santiago y la luz de mi celda est\u00e1 apagada, siendo iluminada solo por la pantalla del aparato de televisi\u00f3n. Me asomo por la ventana que da hacia el pavimento de la ciudad y sacando la cabeza trato de &hellip; <a href=\"https:\/\/elamanecer.noblogs.org\/?p=2817\" class=\"more-link\">Continuar leyendo<span class=\"screen-reader-text\"> \u00abComunicado de Hans Niemeyer. La sangre de los nuestros\u00bb<\/span><\/a><\/p>\n","protected":false},"author":15356,"featured_media":0,"comment_status":"open","ping_status":"open","sticky":false,"template":"","format":"standard","meta":{"footnotes":""},"categories":[4],"tags":[192,332,350],"class_list":["post-2817","post","type-post","status-publish","format-standard","hentry","category-cartas","tag-hans-niemeyer","tag-presxs","tag-sebastian-oversluij"],"_links":{"self":[{"href":"https:\/\/elamanecer.noblogs.org\/index.php?rest_route=\/wp\/v2\/posts\/2817","targetHints":{"allow":["GET"]}}],"collection":[{"href":"https:\/\/elamanecer.noblogs.org\/index.php?rest_route=\/wp\/v2\/posts"}],"about":[{"href":"https:\/\/elamanecer.noblogs.org\/index.php?rest_route=\/wp\/v2\/types\/post"}],"author":[{"embeddable":true,"href":"https:\/\/elamanecer.noblogs.org\/index.php?rest_route=\/wp\/v2\/users\/15356"}],"replies":[{"embeddable":true,"href":"https:\/\/elamanecer.noblogs.org\/index.php?rest_route=%2Fwp%2Fv2%2Fcomments&post=2817"}],"version-history":[{"count":0,"href":"https:\/\/elamanecer.noblogs.org\/index.php?rest_route=\/wp\/v2\/posts\/2817\/revisions"}],"wp:attachment":[{"href":"https:\/\/elamanecer.noblogs.org\/index.php?rest_route=%2Fwp%2Fv2%2Fmedia&parent=2817"}],"wp:term":[{"taxonomy":"category","embeddable":true,"href":"https:\/\/elamanecer.noblogs.org\/index.php?rest_route=%2Fwp%2Fv2%2Fcategories&post=2817"},{"taxonomy":"post_tag","embeddable":true,"href":"https:\/\/elamanecer.noblogs.org\/index.php?rest_route=%2Fwp%2Fv2%2Ftags&post=2817"}],"curies":[{"name":"wp","href":"https:\/\/api.w.org\/{rel}","templated":true}]}}