{"id":2874,"date":"2014-03-30T07:49:46","date_gmt":"2014-03-30T07:49:46","guid":{"rendered":"http:\/\/periodicoelamanecer.wordpress.com\/?p=2874"},"modified":"2014-03-30T07:49:46","modified_gmt":"2014-03-30T07:49:46","slug":"hacia-la-nada-creadora-por-renzo-novatore","status":"publish","type":"post","link":"https:\/\/elamanecer.noblogs.org\/?p=2874","title":{"rendered":"Hacia la Nada Creadora, por Renzo Novatore"},"content":{"rendered":"<p style=\"text-align:justify\"><a href=\"http:\/\/periodicoelamanecer.files.wordpress.com\/2014\/03\/nada_creadora.jpg\"><img loading=\"lazy\" decoding=\"async\" class=\"alignleft size-medium wp-image-2875\" src=\"http:\/\/periodicoelamanecer.files.wordpress.com\/2014\/03\/nada_creadora.jpg?w=228\" alt=\"nada_creadora\" width=\"228\" height=\"300\" \/><\/a>Ante la pregunta de qu\u00e9 son, levantamos la de qu\u00e9 queremos, queremos la anarqu\u00eda con todos y contra todos si es necesario, la libertad y nada m\u00e1s. La idea individualista no es generar una nueva ideolog\u00eda, otro sector o alguna estupidez por el estilo. El fondo necesario para un individuo libre y fuerte es la anarqu\u00eda, la tensi\u00f3n siempre existente con el mundo, la sociedad, el poder. As\u00ed mismo sin individuos no hay anarqu\u00eda. Contrariamente a lo repetido hasta el cansancio por la democracia y el progresismo, estos no son tiempos de individualismo.<br \/>\n<!--more--><br \/>\nLas personas se han convertido m\u00e1s que anta\u00f1o en seres dependientes, incapaces de valerse por s\u00ed mismos, incapaces de tener pensamiento propio, de aprender, optar y cambiar. Cuanto m\u00e1s dependiente menos individuo se es, eso es claro. El \u00faltimo reducto de la anarqu\u00eda esta en cada uno de nosotros, m\u00e1s all\u00e1 y por encima de cualquier mayor\u00eda o consenso. La libertad no se vota o consens\u00faa.<\/p>\n<p style=\"text-align:justify\">Hay que estar preparado para no caer en dogmatismo ninguno, hay que estar atento para no seguir nada que no chorre\u00e9 libertad. Iconoclasta, anti-dogm\u00e1tico, individualista y anarquista, <strong><em>Renzo Novatore<\/em><\/strong> es uno de los m\u00e1s grandes representantes del \u201canarquismo her\u00f3ico o iconoclasta\u201d, pele\u00f3 con ideas y armas contra los opresores y las opresiones hasta que fue abatido a balazos por los <em>carabinieri<\/em> en un conflicto en 1922.<br \/>\n<em>Hacia la nada creadora<\/em>, es un aporte para la guerra social, un aporte para fortalecer nuestras vidas. Anarquistas hasta el exceso.<\/p>\n<p style=\"text-align:justify\">&#8211;<a href=\"http:\/\/elactivista.espivblogs.net\/files\/2012\/03\/Hacia-la-nada-creadora-elactivista.espivblogs.net_.pdf\">Leer online <\/a><br \/>\n&#8211;<a href=\"http:\/\/www.mediafire.com\/?ftd8w7s82rzhg29\">Descargar<\/a><\/p>\n","protected":false},"excerpt":{"rendered":"<p>Ante la pregunta de qu\u00e9 son, levantamos la de qu\u00e9 queremos, queremos la anarqu\u00eda con todos y contra todos si es necesario, la libertad y nada m\u00e1s. La idea individualista no es generar una nueva ideolog\u00eda, otro sector o alguna estupidez por el estilo. El fondo necesario para un individuo libre y fuerte es la &hellip; <a href=\"https:\/\/elamanecer.noblogs.org\/?p=2874\" class=\"more-link\">Continuar leyendo<span class=\"screen-reader-text\"> \u00abHacia la Nada Creadora, por Renzo Novatore\u00bb<\/span><\/a><\/p>\n","protected":false},"author":15356,"featured_media":0,"comment_status":"open","ping_status":"open","sticky":false,"template":"","format":"standard","meta":{"footnotes":""},"categories":[10],"tags":[31,38,207,343],"class_list":["post-2874","post","type-post","status-publish","format-standard","hentry","category-libros","tag-anarcoindividualismo","tag-anarquismo-individualista","tag-iconoclasta","tag-renzo-novatore"],"_links":{"self":[{"href":"https:\/\/elamanecer.noblogs.org\/index.php?rest_route=\/wp\/v2\/posts\/2874","targetHints":{"allow":["GET"]}}],"collection":[{"href":"https:\/\/elamanecer.noblogs.org\/index.php?rest_route=\/wp\/v2\/posts"}],"about":[{"href":"https:\/\/elamanecer.noblogs.org\/index.php?rest_route=\/wp\/v2\/types\/post"}],"author":[{"embeddable":true,"href":"https:\/\/elamanecer.noblogs.org\/index.php?rest_route=\/wp\/v2\/users\/15356"}],"replies":[{"embeddable":true,"href":"https:\/\/elamanecer.noblogs.org\/index.php?rest_route=%2Fwp%2Fv2%2Fcomments&post=2874"}],"version-history":[{"count":0,"href":"https:\/\/elamanecer.noblogs.org\/index.php?rest_route=\/wp\/v2\/posts\/2874\/revisions"}],"wp:attachment":[{"href":"https:\/\/elamanecer.noblogs.org\/index.php?rest_route=%2Fwp%2Fv2%2Fmedia&parent=2874"}],"wp:term":[{"taxonomy":"category","embeddable":true,"href":"https:\/\/elamanecer.noblogs.org\/index.php?rest_route=%2Fwp%2Fv2%2Fcategories&post=2874"},{"taxonomy":"post_tag","embeddable":true,"href":"https:\/\/elamanecer.noblogs.org\/index.php?rest_route=%2Fwp%2Fv2%2Ftags&post=2874"}],"curies":[{"name":"wp","href":"https:\/\/api.w.org\/{rel}","templated":true}]}}